{"id":6463,"date":"2026-08-19T19:07:38","date_gmt":"2026-08-19T22:07:38","guid":{"rendered":"https:\/\/ensvillaelisa-ers.infd.edu.ar\/sitio\/?p=6463"},"modified":"2026-08-19T19:07:42","modified_gmt":"2026-08-19T22:07:42","slug":"mesas-de-examen-septiembre-2026","status":"publish","type":"post","link":"https:\/\/ensvillaelisa-ers.infd.edu.ar\/sitio\/mesas-de-examen-septiembre-2026\/","title":{"rendered":"Mesas de Examen &#8211; Septiembre 2026."},"content":{"rendered":"\n<p>Desde el Nivel Superior de la Escuela Normal Superior \u201cDr. Luis C. Ingold\u201d compartimos Link de INCRIPCI\u00d3N y BAJAS al PRIMER Y \u00daNICO LLAMADO SIN SUSPENSI\u00d3N DE CLASES &#8211; SEPTIEMBRE 2026.*<br>Condici\u00f3n indispensable estar matriculado en Ciclo Lectivo 2026.<\/p>\n\n\n\n<p>&#x27a1;&#xfe0f; MESAS DE EXAMEN:<\/p>\n\n\n\n<ul>\n<li>Per\u00edodo de Inscripci\u00f3n: 20\/08\/26 al 31\/08\/26 18.00 hs.<\/li>\n\n\n\n<li>Mesas a realizarse desde el 07\/09\/26 al 15\/09\/26.<\/li>\n\n\n\n<li>Publicaci\u00f3n de fechas y tribunales: 03\/08 \/26.<\/li>\n\n\n\n<li>Link de inscripci\u00f3n: https:\/\/forms.gle\/U87b5CHjL8hGBRGN8<\/li>\n\n\n\n<li>Link de bajas : https:\/\/forms.gle\/Ef3iUtJngh6bHMWw7<br>IMPORTANTE: RECUERDEN QUE LAS BAJAS DEBEN REALIZARSE 24 HORAS H\u00c1BILES ANTES DE LA MESA. (TENGAN EN CUENTA FERIADOS: 8 Y 11 DE SEPTIEMBRE).<\/li>\n<\/ul>\n","protected":false},"excerpt":{"rendered":"<p>Desde el Nivel Superior de la Escuela Normal Superior \u201cDr. Luis C. Ingold\u201d compartimos Link de INCRIPCI\u00d3N y BAJAS al PRIMER Y \u00daNICO LLAMADO SIN SUSPENSI\u00d3N DE CLASES &#8211; SEPTIEMBRE 2026.*Condici\u00f3n indispensable estar matriculado en Ciclo Lectivo 2026. &#x27a1;&#xfe0f; MESAS DE EXAMEN:<\/p>\n","protected":false},"author":1403,"featured_media":0,"comment_status":"open","ping_status":"open","sticky":false,"template":"","format":"standard","meta":[],"categories":[1],"tags":[],"acf":[],"_links":{"self":[{"href":"https:\/\/ensvillaelisa-ers.infd.edu.ar\/sitio\/wp-json\/wp\/v2\/posts\/6463"}],"collection":[{"href":"https:\/\/ensvillaelisa-ers.infd.edu.ar\/sitio\/wp-json\/wp\/v2\/posts"}],"about":[{"href":"https:\/\/ensvillaelisa-ers.infd.edu.ar\/sitio\/wp-json\/wp\/v2\/types\/post"}],"author":[{"embeddable":true,"href":"https:\/\/ensvillaelisa-ers.infd.edu.ar\/sitio\/wp-json\/wp\/v2\/users\/1403"}],"replies":[{"embeddable":true,"href":"https:\/\/ensvillaelisa-ers.infd.edu.ar\/sitio\/wp-json\/wp\/v2\/comments?post=6463"}],"version-history":[{"count":1,"href":"https:\/\/ensvillaelisa-ers.infd.edu.ar\/sitio\/wp-json\/wp\/v2\/posts\/6463\/revisions"}],"predecessor-version":[{"id":6464,"href":"https:\/\/ensvillaelisa-ers.infd.edu.ar\/sitio\/wp-json\/wp\/v2\/posts\/6463\/revisions\/6464"}],"wp:attachment":[{"href":"https:\/\/ensvillaelisa-ers.infd.edu.ar\/sitio\/wp-json\/wp\/v2\/media?parent=6463"}],"wp:term":[{"taxonomy":"category","embeddable":true,"href":"https:\/\/ensvillaelisa-ers.infd.edu.ar\/sitio\/wp-json\/wp\/v2\/categories?post=6463"},{"taxonomy":"post_tag","embeddable":true,"href":"https:\/\/ensvillaelisa-ers.infd.edu.ar\/sitio\/wp-json\/wp\/v2\/tags?post=6463"}],"curies":[{"name":"wp","href":"https:\/\/api.w.org\/{rel}","templated":true}]}}